{"id":6671,"date":"2024-01-24T15:55:54","date_gmt":"2024-01-24T14:55:54","guid":{"rendered":"https:\/\/www.revagro.fr\/european-startup-village\/"},"modified":"2024-02-19T17:47:59","modified_gmt":"2024-02-19T16:47:59","slug":"european-startup-village","status":"publish","type":"post","link":"https:\/\/www.revagro.fr\/en\/european-startup-village\/","title":{"rendered":"European Startup Village"},"content":{"rendered":"\t\t<div data-elementor-type=\"wp-post\" data-elementor-id=\"6671\" class=\"elementor elementor-6671 elementor-5981\" data-elementor-settings=\"{&quot;element_pack_global_tooltip_width&quot;:{&quot;unit&quot;:&quot;px&quot;,&quot;size&quot;:&quot;&quot;,&quot;sizes&quot;:[]},&quot;element_pack_global_tooltip_width_tablet&quot;:{&quot;unit&quot;:&quot;px&quot;,&quot;size&quot;:&quot;&quot;,&quot;sizes&quot;:[]},&quot;element_pack_global_tooltip_width_mobile&quot;:{&quot;unit&quot;:&quot;px&quot;,&quot;size&quot;:&quot;&quot;,&quot;sizes&quot;:[]},&quot;element_pack_global_tooltip_padding&quot;:{&quot;unit&quot;:&quot;px&quot;,&quot;top&quot;:&quot;&quot;,&quot;right&quot;:&quot;&quot;,&quot;bottom&quot;:&quot;&quot;,&quot;left&quot;:&quot;&quot;,&quot;isLinked&quot;:true},&quot;element_pack_global_tooltip_padding_tablet&quot;:{&quot;unit&quot;:&quot;px&quot;,&quot;top&quot;:&quot;&quot;,&quot;right&quot;:&quot;&quot;,&quot;bottom&quot;:&quot;&quot;,&quot;left&quot;:&quot;&quot;,&quot;isLinked&quot;:true},&quot;element_pack_global_tooltip_padding_mobile&quot;:{&quot;unit&quot;:&quot;px&quot;,&quot;top&quot;:&quot;&quot;,&quot;right&quot;:&quot;&quot;,&quot;bottom&quot;:&quot;&quot;,&quot;left&quot;:&quot;&quot;,&quot;isLinked&quot;:true},&quot;element_pack_global_tooltip_border_radius&quot;:{&quot;unit&quot;:&quot;px&quot;,&quot;top&quot;:&quot;&quot;,&quot;right&quot;:&quot;&quot;,&quot;bottom&quot;:&quot;&quot;,&quot;left&quot;:&quot;&quot;,&quot;isLinked&quot;:true},&quot;element_pack_global_tooltip_border_radius_tablet&quot;:{&quot;unit&quot;:&quot;px&quot;,&quot;top&quot;:&quot;&quot;,&quot;right&quot;:&quot;&quot;,&quot;bottom&quot;:&quot;&quot;,&quot;left&quot;:&quot;&quot;,&quot;isLinked&quot;:true},&quot;element_pack_global_tooltip_border_radius_mobile&quot;:{&quot;unit&quot;:&quot;px&quot;,&quot;top&quot;:&quot;&quot;,&quot;right&quot;:&quot;&quot;,&quot;bottom&quot;:&quot;&quot;,&quot;left&quot;:&quot;&quot;,&quot;isLinked&quot;:true}}\" data-elementor-post-type=\"post\">\n\t\t\t\t<div class=\"aux-parallax-section elementor-element elementor-element-23911fe e-flex e-con-boxed e-con e-parent\" data-id=\"23911fe\" data-element_type=\"container\" data-e-type=\"container\">\n\t\t\t\t\t<div class=\"e-con-inner\">\n\t\t\t\t<div class=\"elementor-element elementor-element-8137fc4 elementor-widget elementor-widget-image\" data-id=\"8137fc4\" data-element_type=\"widget\" data-e-type=\"widget\" data-widget_type=\"image.default\">\n\t\t\t\t<div class=\"elementor-widget-container\">\n\t\t\t\t\t\t\t\t\t\t\t\t\t\t\t<img decoding=\"async\" src=\"https:\/\/www.revagro.fr\/wp-content\/uploads\/2024\/01\/European-Startup-Village.jpeg\" title=\"European Startup Village\" alt=\"European-Startup-Village\" loading=\"lazy\" \/>\t\t\t\t\t\t\t\t\t\t\t\t\t\t\t<\/div>\n\t\t\t\t<\/div>\n\t\t\t\t<div class=\"elementor-element elementor-element-3279dca elementor-widget elementor-widget-text-editor\" data-id=\"3279dca\" data-element_type=\"widget\" data-e-type=\"widget\" data-widget_type=\"text-editor.default\">\n\t\t\t\t<div class=\"elementor-widget-container\">\n\t\t\t\t\t\t\t\t\t<p>The European Union recently awarded the <a href=\"https:\/\/www.revagro.fr\/revagro\/nos-membres-fondateurs\/membre-cab\/\" target=\"_blank\" rel=\"noopener\">Beauvaisis Agglomeration Community<\/a> the label &#8220;European Startup Village,&#8221; recognizing its outstanding efforts in creating an ecosystem conducive to innovation and the development of startups. <br \/>By achieving this prestigious recognition, Beauvaisis becomes the first agglomeration in France to proudly display the label &#8220;European Startup Village.&#8221;<\/p>\n\t\t\t\t\t\t\t\t<\/div>\n\t\t\t\t<\/div>\n\t\t\t\t<div class=\"elementor-element elementor-element-3182814 elementor-widget elementor-widget-heading\" data-id=\"3182814\" data-element_type=\"widget\" data-e-type=\"widget\" data-widget_type=\"heading.default\">\n\t\t\t\t<div class=\"elementor-widget-container\">\n\t\t\t\t\t<h2 class=\"elementor-heading-title elementor-size-default\">Flourishing Ecosystem<\/h2>\t\t\t\t<\/div>\n\t\t\t\t<\/div>\n\t\t\t\t<div class=\"elementor-element elementor-element-5ef33fb elementor-widget elementor-widget-text-editor\" data-id=\"5ef33fb\" data-element_type=\"widget\" data-e-type=\"widget\" data-widget_type=\"text-editor.default\">\n\t\t\t\t<div class=\"elementor-widget-container\">\n\t\t\t\t\t\t\t\t\t<p>The success of this labeling is based on the dynamic multipartner ecosystem present in the territory, including the economic development service of the Agglomeration, <a href=\"https:\/\/startlab.beauvaisis.fr\/\" target=\"_blank\" rel=\"noopener\">StartLab<\/a>, the <a href=\"https:\/\/iterra.fr\/\" target=\"_blank\" rel=\"noopener\">iTerra<\/a> incubator\/accelerator, the <a href=\"https:\/\/www.revagro.fr\/en\/revagro\/about-us\/\" target=\"_blank\" rel=\"noopener\">Beauvais Rev&#8217;Agro<\/a> cluster, as well as the research laboratories of <a href=\"https:\/\/www.revagro.fr\/revagro\/nos-membres-fondateurs\/unilasalle\/\" target=\"_blank\" rel=\"noopener\">UniLaSalle<\/a>. <br \/>These actors converge to offer optimal conditions for innovation, particularly in the field of <a href=\"https:\/\/www.revagro.fr\/en\/economic-development-strategy-of-beauvaisis\/\" target=\"_blank\" rel=\"noopener\">bioeconomy<\/a>, leveraging the strengths and richness of the local countryside.<\/p>\n\t\t\t\t\t\t\t\t<\/div>\n\t\t\t\t<\/div>\n\t\t\t\t<div class=\"elementor-element elementor-element-3a58a0b elementor-widget elementor-widget-heading\" data-id=\"3a58a0b\" data-element_type=\"widget\" data-e-type=\"widget\" data-widget_type=\"heading.default\">\n\t\t\t\t<div class=\"elementor-widget-container\">\n\t\t\t\t\t<h2 class=\"elementor-heading-title elementor-size-default\">Support for Entrepreneurship <\/h2>\t\t\t\t<\/div>\n\t\t\t\t<\/div>\n\t\t\t\t<div class=\"elementor-element elementor-element-8d713bb elementor-widget elementor-widget-text-editor\" data-id=\"8d713bb\" data-element_type=\"widget\" data-e-type=\"widget\" data-widget_type=\"text-editor.default\">\n\t\t\t\t<div class=\"elementor-widget-container\">\n\t\t\t\t\t\t\t\t\t<p>The Beauvaisis Agglomeration Community, led by its president Caroline Cayeux, clearly expresses its commitment to support entrepreneurship and stimulate economic growth. <br \/>The acquisition of the label is part of the economic development strategy &#8220;Beauvaisis 2030,&#8221; a vision championed by Caroline Cayeux, Loic Barbaras (Vice-President in charge of the economy), and Aymeric Bourleau (Vice-President in charge of Higher Education and Innovation).<\/p>\n\t\t\t\t\t\t\t\t<\/div>\n\t\t\t\t<\/div>\n\t\t\t\t<div class=\"elementor-element elementor-element-abdc763 elementor-widget elementor-widget-heading\" data-id=\"abdc763\" data-element_type=\"widget\" data-e-type=\"widget\" data-widget_type=\"heading.default\">\n\t\t\t\t<div class=\"elementor-widget-container\">\n\t\t\t\t\t<h2 class=\"elementor-heading-title elementor-size-default\">Alignment with the European Vision<\/h2>\t\t\t\t<\/div>\n\t\t\t\t<\/div>\n\t\t\t\t<div class=\"elementor-element elementor-element-471b574 elementor-widget elementor-widget-text-editor\" data-id=\"471b574\" data-element_type=\"widget\" data-e-type=\"widget\" data-widget_type=\"text-editor.default\">\n\t\t\t\t<div class=\"elementor-widget-container\">\n\t\t\t\t\t\t\t\t\t<p>The European Startup Village initiative aligns with the European Commission&#8217;s long-term vision for rural areas of the EU by 2040. <br \/>The goal is to strengthen, connect, make resilient, and prosper rural communities. This initiative aligns with the Local Higher Education, Research, and Innovation Plan of Beauvaisis.<\/p>\n\t\t\t\t\t\t\t\t<\/div>\n\t\t\t\t<\/div>\n\t\t\t\t<div class=\"elementor-element elementor-element-caf0b95 elementor-widget elementor-widget-heading\" data-id=\"caf0b95\" data-element_type=\"widget\" data-e-type=\"widget\" data-widget_type=\"heading.default\">\n\t\t\t\t<div class=\"elementor-widget-container\">\n\t\t\t\t\t<h2 class=\"elementor-heading-title elementor-size-default\">The Beauvaisis region is open to European cooperation <\/h2>\t\t\t\t<\/div>\n\t\t\t\t<\/div>\n\t\t\t\t<div class=\"elementor-element elementor-element-018ce5a elementor-widget elementor-widget-text-editor\" data-id=\"018ce5a\" data-element_type=\"widget\" data-e-type=\"widget\" data-widget_type=\"text-editor.default\">\n\t\t\t\t<div class=\"elementor-widget-container\">\n\t\t\t\t\t\t\t\t\t<p>Caroline Cayeux expresses her satisfaction with this recognition, which opens the way for exchanges and collaborations on a European scale. <br \/>She aims to build strong partnerships with other European ecosystems, involving institutions, entrepreneurs, and universities. <br \/>This marks the beginning of a fruitful collaboration around the rural specificities of Beauvaisis and project applications within the framework of the &#8220;Horizon Europe&#8221; program.<\/p>\n\t\t\t\t\t\t\t\t<\/div>\n\t\t\t\t<\/div>\n\t\t\t\t\t<\/div>\n\t\t\t\t<\/div>\n\t\t<div class=\"aux-parallax-section elementor-element elementor-element-464c11a e-flex e-con-boxed e-con e-parent\" data-id=\"464c11a\" data-element_type=\"container\" data-e-type=\"container\">\n\t\t\t\t\t<div class=\"e-con-inner\">\n\t\t\t\t<div class=\"elementor-element elementor-element-63a4ce2 elementor-widget elementor-widget-image\" data-id=\"63a4ce2\" data-element_type=\"widget\" data-e-type=\"widget\" data-widget_type=\"image.default\">\n\t\t\t\t<div class=\"elementor-widget-container\">\n\t\t\t\t\t\t\t\t\t\t\t\t\t\t\t<img fetchpriority=\"high\" decoding=\"async\" width=\"1024\" height=\"396\" src=\"https:\/\/www.revagro.fr\/wp-content\/uploads\/2024\/01\/Citation-Ursula-Von-der-Leyen-presidente-de-la-Commission-europeenne-2-1024x396.png\" class=\"attachment-large size-large wp-image-5999\" alt=\"Citation Ursula Von der Leyen, pr\u00e9sidente de la Commission europ\u00e9enne\" \/>\t\t\t\t\t\t\t\t\t\t\t\t\t\t\t<\/div>\n\t\t\t\t<\/div>\n\t\t\t\t<div class=\"elementor-element elementor-element-c43e350 elementor-align-center elementor-widget elementor-widget-button\" data-id=\"c43e350\" data-element_type=\"widget\" data-e-type=\"widget\" data-widget_type=\"button.default\">\n\t\t\t\t<div class=\"elementor-widget-container\">\n\t\t\t\t\t\t\t\t\t<div class=\"elementor-button-wrapper\">\n\t\t\t\t\t<a class=\"elementor-button elementor-button-link elementor-size-sm\" href=\"https:\/\/www.revagro.fr\/wp-content\/uploads\/2024\/01\/COMMUNIQUE-European-Startup-Village-V2.pdf\">\n\t\t\t\t\t\t<span class=\"elementor-button-content-wrapper\">\n\t\t\t\t\t\t\t\t\t<span class=\"elementor-button-text\">Press release<\/span>\n\t\t\t\t\t<\/span>\n\t\t\t\t\t<\/a>\n\t\t\t\t<\/div>\n\t\t\t\t\t\t\t\t<\/div>\n\t\t\t\t<\/div>\n\t\t\t\t<div class=\"elementor-element elementor-element-0e52a30 elementor-widget elementor-widget-spacer\" data-id=\"0e52a30\" data-element_type=\"widget\" data-e-type=\"widget\" data-widget_type=\"spacer.default\">\n\t\t\t\t<div class=\"elementor-widget-container\">\n\t\t\t\t\t\t\t<div class=\"elementor-spacer\">\n\t\t\t<div class=\"elementor-spacer-inner\"><\/div>\n\t\t<\/div>\n\t\t\t\t\t\t<\/div>\n\t\t\t\t<\/div>\n\t\t\t\t\t<\/div>\n\t\t\t\t<\/div>\n\t\t<div class=\"aux-parallax-section elementor-element elementor-element-0d371ab e-flex e-con-boxed e-con e-parent\" data-id=\"0d371ab\" data-element_type=\"container\" data-e-type=\"container\">\n\t\t\t\t\t<div class=\"e-con-inner\">\n\t\t\t\t<div class=\"elementor-element elementor-element-f41fb1c elementor-share-buttons--view-icon-text elementor-share-buttons--skin-gradient elementor-share-buttons--shape-square elementor-grid-0 elementor-share-buttons--color-official elementor-widget elementor-widget-share-buttons\" data-id=\"f41fb1c\" data-element_type=\"widget\" data-e-type=\"widget\" data-widget_type=\"share-buttons.default\">\n\t\t\t\t<div class=\"elementor-widget-container\">\n\t\t\t\t\t\t\t<div class=\"elementor-grid\" role=\"list\">\n\t\t\t\t\t\t\t\t<div class=\"elementor-grid-item\" role=\"listitem\">\n\t\t\t\t\t\t<div class=\"elementor-share-btn elementor-share-btn_linkedin\" role=\"button\" tabindex=\"0\" aria-label=\"Share on linkedin\">\n\t\t\t\t\t\t\t\t\t\t\t\t\t\t\t<span class=\"elementor-share-btn__icon\">\n\t\t\t\t\t\t\t\t<svg aria-hidden=\"true\" class=\"e-font-icon-svg e-fab-linkedin\" viewBox=\"0 0 448 512\" xmlns=\"http:\/\/www.w3.org\/2000\/svg\"><path d=\"M416 32H31.9C14.3 32 0 46.5 0 64.3v383.4C0 465.5 14.3 480 31.9 480H416c17.6 0 32-14.5 32-32.3V64.3c0-17.8-14.4-32.3-32-32.3zM135.4 416H69V202.2h66.5V416zm-33.2-243c-21.3 0-38.5-17.3-38.5-38.5S80.9 96 102.2 96c21.2 0 38.5 17.3 38.5 38.5 0 21.3-17.2 38.5-38.5 38.5zm282.1 243h-66.4V312c0-24.8-.5-56.7-34.5-56.7-34.6 0-39.9 27-39.9 54.9V416h-66.4V202.2h63.7v29.2h.9c8.9-16.8 30.6-34.5 62.9-34.5 67.2 0 79.7 44.3 79.7 101.9V416z\"><\/path><\/svg>\t\t\t\t\t\t\t<\/span>\n\t\t\t\t\t\t\t\t\t\t\t\t\t\t\t\t\t\t\t\t\t\t<div class=\"elementor-share-btn__text\">\n\t\t\t\t\t\t\t\t\t\t\t\t\t\t\t\t\t\t\t<span class=\"elementor-share-btn__title\">\n\t\t\t\t\t\t\t\t\t\tLinkedIn\t\t\t\t\t\t\t\t\t<\/span>\n\t\t\t\t\t\t\t\t\t\t\t\t\t\t\t\t\t<\/div>\n\t\t\t\t\t\t\t\t\t\t\t\t\t<\/div>\n\t\t\t\t\t<\/div>\n\t\t\t\t\t\t\t\t\t<div class=\"elementor-grid-item\" role=\"listitem\">\n\t\t\t\t\t\t<div class=\"elementor-share-btn elementor-share-btn_facebook\" role=\"button\" tabindex=\"0\" aria-label=\"Share on facebook\">\n\t\t\t\t\t\t\t\t\t\t\t\t\t\t\t<span class=\"elementor-share-btn__icon\">\n\t\t\t\t\t\t\t\t<svg aria-hidden=\"true\" class=\"e-font-icon-svg e-fab-facebook\" viewBox=\"0 0 512 512\" xmlns=\"http:\/\/www.w3.org\/2000\/svg\"><path d=\"M504 256C504 119 393 8 256 8S8 119 8 256c0 123.78 90.69 226.38 209.25 245V327.69h-63V256h63v-54.64c0-62.15 37-96.48 93.67-96.48 27.14 0 55.52 4.84 55.52 4.84v61h-31.28c-30.8 0-40.41 19.12-40.41 38.73V256h68.78l-11 71.69h-57.78V501C413.31 482.38 504 379.78 504 256z\"><\/path><\/svg>\t\t\t\t\t\t\t<\/span>\n\t\t\t\t\t\t\t\t\t\t\t\t\t\t\t\t\t\t\t\t\t\t<div class=\"elementor-share-btn__text\">\n\t\t\t\t\t\t\t\t\t\t\t\t\t\t\t\t\t\t\t<span class=\"elementor-share-btn__title\">\n\t\t\t\t\t\t\t\t\t\tFacebook\t\t\t\t\t\t\t\t\t<\/span>\n\t\t\t\t\t\t\t\t\t\t\t\t\t\t\t\t\t<\/div>\n\t\t\t\t\t\t\t\t\t\t\t\t\t<\/div>\n\t\t\t\t\t<\/div>\n\t\t\t\t\t\t<\/div>\n\t\t\t\t\t\t<\/div>\n\t\t\t\t<\/div>\n\t\t\t\t\t<\/div>\n\t\t\t\t<\/div>\n\t\t\t\t<\/div>\n\t\t","protected":false},"excerpt":{"rendered":"<p>The European Union recently awarded the Beauvaisis Agglomeration Community the label &#8220;European Startup Village,&#8221; recognizing its outstanding efforts in creating an ecosystem conducive to innovation and the development of startups. By achieving this prestigious recognition, Beauvaisis becomes the first agglomeration in France to proudly display the label &#8220;European Startup Village.&#8221; Flourishing Ecosystem The success of [&hellip;]<\/p>\n","protected":false},"author":4,"featured_media":0,"comment_status":"closed","ping_status":"closed","sticky":false,"template":"","format":"standard","meta":{"rs_blank_template":"","rs_page_bg_color":"","slide_template_v7":"","footnotes":""},"categories":[14],"tags":[],"class_list":["post-6671","post","type-post","status-publish","format-standard","hentry","category-non-classifiee"],"yoast_head":"<!-- This site is optimized with the Yoast SEO plugin v27.2 - https:\/\/yoast.com\/product\/yoast-seo-wordpress\/ -->\n<title>European Startup Village - Rev&#039;Agro<\/title>\n<meta name=\"description\" content=\"The Communaut\u00e9 d&#039;Agglom\u00e9ration du Beauvaisis is the first territory in France to obtain the European Startup Village label.\" \/>\n<meta name=\"robots\" content=\"index, follow, max-snippet:-1, max-image-preview:large, max-video-preview:-1\" \/>\n<link rel=\"canonical\" href=\"https:\/\/www.revagro.fr\/en\/european-startup-village\/\" \/>\n<meta property=\"og:locale\" content=\"en_US\" \/>\n<meta property=\"og:type\" content=\"article\" \/>\n<meta property=\"og:title\" content=\"European Startup Village - Rev&#039;Agro\" \/>\n<meta property=\"og:description\" content=\"The Communaut\u00e9 d&#039;Agglom\u00e9ration du Beauvaisis is the first territory in France to obtain the European Startup Village label.\" \/>\n<meta property=\"og:url\" content=\"https:\/\/www.revagro.fr\/en\/european-startup-village\/\" \/>\n<meta property=\"og:site_name\" content=\"Rev&#039;Agro\" \/>\n<meta property=\"article:published_time\" content=\"2024-01-24T14:55:54+00:00\" \/>\n<meta property=\"article:modified_time\" content=\"2024-02-19T16:47:59+00:00\" \/>\n<meta property=\"og:image\" content=\"https:\/\/www.revagro.fr\/wp-content\/uploads\/2024\/01\/European-Startup-Village.jpeg\" \/>\n<meta name=\"author\" content=\"Juliette L\u00e9aut\u00e9\" \/>\n<meta name=\"twitter:card\" content=\"summary_large_image\" \/>\n<meta name=\"twitter:label1\" content=\"Written by\" \/>\n\t<meta name=\"twitter:data1\" content=\"Juliette L\u00e9aut\u00e9\" \/>\n\t<meta name=\"twitter:label2\" content=\"Est. reading time\" \/>\n\t<meta name=\"twitter:data2\" content=\"2 minutes\" \/>\n<script type=\"application\/ld+json\" class=\"yoast-schema-graph\">{\"@context\":\"https:\/\/schema.org\",\"@graph\":[{\"@type\":\"Article\",\"@id\":\"https:\/\/www.revagro.fr\/en\/european-startup-village\/#article\",\"isPartOf\":{\"@id\":\"https:\/\/www.revagro.fr\/en\/european-startup-village\/\"},\"author\":{\"name\":\"Juliette L\u00e9aut\u00e9\",\"@id\":\"https:\/\/www.revagro.fr\/en\/#\/schema\/person\/6d3e953ae3b857e7ec2853b40a6de869\"},\"headline\":\"European Startup Village\",\"datePublished\":\"2024-01-24T14:55:54+00:00\",\"dateModified\":\"2024-02-19T16:47:59+00:00\",\"mainEntityOfPage\":{\"@id\":\"https:\/\/www.revagro.fr\/en\/european-startup-village\/\"},\"wordCount\":306,\"publisher\":{\"@id\":\"https:\/\/www.revagro.fr\/en\/#organization\"},\"image\":{\"@id\":\"https:\/\/www.revagro.fr\/en\/european-startup-village\/#primaryimage\"},\"thumbnailUrl\":\"https:\/\/www.revagro.fr\/wp-content\/uploads\/2024\/01\/European-Startup-Village.jpeg\",\"articleSection\":[\"Non classifi\u00e9(e)\"],\"inLanguage\":\"en-US\"},{\"@type\":\"WebPage\",\"@id\":\"https:\/\/www.revagro.fr\/en\/european-startup-village\/\",\"url\":\"https:\/\/www.revagro.fr\/en\/european-startup-village\/\",\"name\":\"European Startup Village - Rev&#039;Agro\",\"isPartOf\":{\"@id\":\"https:\/\/www.revagro.fr\/en\/#website\"},\"primaryImageOfPage\":{\"@id\":\"https:\/\/www.revagro.fr\/en\/european-startup-village\/#primaryimage\"},\"image\":{\"@id\":\"https:\/\/www.revagro.fr\/en\/european-startup-village\/#primaryimage\"},\"thumbnailUrl\":\"https:\/\/www.revagro.fr\/wp-content\/uploads\/2024\/01\/European-Startup-Village.jpeg\",\"datePublished\":\"2024-01-24T14:55:54+00:00\",\"dateModified\":\"2024-02-19T16:47:59+00:00\",\"description\":\"The Communaut\u00e9 d'Agglom\u00e9ration du Beauvaisis is the first territory in France to obtain the European Startup Village label.\",\"breadcrumb\":{\"@id\":\"https:\/\/www.revagro.fr\/en\/european-startup-village\/#breadcrumb\"},\"inLanguage\":\"en-US\",\"potentialAction\":[{\"@type\":\"ReadAction\",\"target\":[\"https:\/\/www.revagro.fr\/en\/european-startup-village\/\"]}]},{\"@type\":\"ImageObject\",\"inLanguage\":\"en-US\",\"@id\":\"https:\/\/www.revagro.fr\/en\/european-startup-village\/#primaryimage\",\"url\":\"https:\/\/www.revagro.fr\/wp-content\/uploads\/2024\/01\/European-Startup-Village.jpeg\",\"contentUrl\":\"https:\/\/www.revagro.fr\/wp-content\/uploads\/2024\/01\/European-Startup-Village.jpeg\"},{\"@type\":\"BreadcrumbList\",\"@id\":\"https:\/\/www.revagro.fr\/en\/european-startup-village\/#breadcrumb\",\"itemListElement\":[{\"@type\":\"ListItem\",\"position\":1,\"name\":\"Accueil\",\"item\":\"https:\/\/www.revagro.fr\/en\/\"},{\"@type\":\"ListItem\",\"position\":2,\"name\":\"European Startup Village\"}]},{\"@type\":\"WebSite\",\"@id\":\"https:\/\/www.revagro.fr\/en\/#website\",\"url\":\"https:\/\/www.revagro.fr\/en\/\",\"name\":\"Rev&#039;Agro\",\"description\":\"Innovation, Agritech et Num\u00e9rique agricole\",\"publisher\":{\"@id\":\"https:\/\/www.revagro.fr\/en\/#organization\"},\"potentialAction\":[{\"@type\":\"SearchAction\",\"target\":{\"@type\":\"EntryPoint\",\"urlTemplate\":\"https:\/\/www.revagro.fr\/en\/?s={search_term_string}\"},\"query-input\":{\"@type\":\"PropertyValueSpecification\",\"valueRequired\":true,\"valueName\":\"search_term_string\"}}],\"inLanguage\":\"en-US\"},{\"@type\":\"Organization\",\"@id\":\"https:\/\/www.revagro.fr\/en\/#organization\",\"name\":\"Rev&#039;Agro\",\"url\":\"https:\/\/www.revagro.fr\/en\/\",\"logo\":{\"@type\":\"ImageObject\",\"inLanguage\":\"en-US\",\"@id\":\"https:\/\/www.revagro.fr\/en\/#\/schema\/logo\/image\/\",\"url\":\"https:\/\/www.revagro.fr\/wp-content\/uploads\/2023\/07\/cropped-cropped-logo-v2.png\",\"contentUrl\":\"https:\/\/www.revagro.fr\/wp-content\/uploads\/2023\/07\/cropped-cropped-logo-v2.png\",\"width\":198,\"height\":97,\"caption\":\"Rev&#039;Agro\"},\"image\":{\"@id\":\"https:\/\/www.revagro.fr\/en\/#\/schema\/logo\/image\/\"}},{\"@type\":\"Person\",\"@id\":\"https:\/\/www.revagro.fr\/en\/#\/schema\/person\/6d3e953ae3b857e7ec2853b40a6de869\",\"name\":\"Juliette L\u00e9aut\u00e9\",\"url\":\"https:\/\/www.revagro.fr\/en\/\"}]}<\/script>\n<!-- \/ Yoast SEO plugin. -->","yoast_head_json":{"title":"European Startup Village - Rev&#039;Agro","description":"The Communaut\u00e9 d'Agglom\u00e9ration du Beauvaisis is the first territory in France to obtain the European Startup Village label.","robots":{"index":"index","follow":"follow","max-snippet":"max-snippet:-1","max-image-preview":"max-image-preview:large","max-video-preview":"max-video-preview:-1"},"canonical":"https:\/\/www.revagro.fr\/en\/european-startup-village\/","og_locale":"en_US","og_type":"article","og_title":"European Startup Village - Rev&#039;Agro","og_description":"The Communaut\u00e9 d'Agglom\u00e9ration du Beauvaisis is the first territory in France to obtain the European Startup Village label.","og_url":"https:\/\/www.revagro.fr\/en\/european-startup-village\/","og_site_name":"Rev&#039;Agro","article_published_time":"2024-01-24T14:55:54+00:00","article_modified_time":"2024-02-19T16:47:59+00:00","og_image":[{"url":"https:\/\/www.revagro.fr\/wp-content\/uploads\/2024\/01\/European-Startup-Village.jpeg","type":"","width":"","height":""}],"author":"Juliette L\u00e9aut\u00e9","twitter_card":"summary_large_image","twitter_misc":{"Written by":"Juliette L\u00e9aut\u00e9","Est. reading time":"2 minutes"},"schema":{"@context":"https:\/\/schema.org","@graph":[{"@type":"Article","@id":"https:\/\/www.revagro.fr\/en\/european-startup-village\/#article","isPartOf":{"@id":"https:\/\/www.revagro.fr\/en\/european-startup-village\/"},"author":{"name":"Juliette L\u00e9aut\u00e9","@id":"https:\/\/www.revagro.fr\/en\/#\/schema\/person\/6d3e953ae3b857e7ec2853b40a6de869"},"headline":"European Startup Village","datePublished":"2024-01-24T14:55:54+00:00","dateModified":"2024-02-19T16:47:59+00:00","mainEntityOfPage":{"@id":"https:\/\/www.revagro.fr\/en\/european-startup-village\/"},"wordCount":306,"publisher":{"@id":"https:\/\/www.revagro.fr\/en\/#organization"},"image":{"@id":"https:\/\/www.revagro.fr\/en\/european-startup-village\/#primaryimage"},"thumbnailUrl":"https:\/\/www.revagro.fr\/wp-content\/uploads\/2024\/01\/European-Startup-Village.jpeg","articleSection":["Non classifi\u00e9(e)"],"inLanguage":"en-US"},{"@type":"WebPage","@id":"https:\/\/www.revagro.fr\/en\/european-startup-village\/","url":"https:\/\/www.revagro.fr\/en\/european-startup-village\/","name":"European Startup Village - Rev&#039;Agro","isPartOf":{"@id":"https:\/\/www.revagro.fr\/en\/#website"},"primaryImageOfPage":{"@id":"https:\/\/www.revagro.fr\/en\/european-startup-village\/#primaryimage"},"image":{"@id":"https:\/\/www.revagro.fr\/en\/european-startup-village\/#primaryimage"},"thumbnailUrl":"https:\/\/www.revagro.fr\/wp-content\/uploads\/2024\/01\/European-Startup-Village.jpeg","datePublished":"2024-01-24T14:55:54+00:00","dateModified":"2024-02-19T16:47:59+00:00","description":"The Communaut\u00e9 d'Agglom\u00e9ration du Beauvaisis is the first territory in France to obtain the European Startup Village label.","breadcrumb":{"@id":"https:\/\/www.revagro.fr\/en\/european-startup-village\/#breadcrumb"},"inLanguage":"en-US","potentialAction":[{"@type":"ReadAction","target":["https:\/\/www.revagro.fr\/en\/european-startup-village\/"]}]},{"@type":"ImageObject","inLanguage":"en-US","@id":"https:\/\/www.revagro.fr\/en\/european-startup-village\/#primaryimage","url":"https:\/\/www.revagro.fr\/wp-content\/uploads\/2024\/01\/European-Startup-Village.jpeg","contentUrl":"https:\/\/www.revagro.fr\/wp-content\/uploads\/2024\/01\/European-Startup-Village.jpeg"},{"@type":"BreadcrumbList","@id":"https:\/\/www.revagro.fr\/en\/european-startup-village\/#breadcrumb","itemListElement":[{"@type":"ListItem","position":1,"name":"Accueil","item":"https:\/\/www.revagro.fr\/en\/"},{"@type":"ListItem","position":2,"name":"European Startup Village"}]},{"@type":"WebSite","@id":"https:\/\/www.revagro.fr\/en\/#website","url":"https:\/\/www.revagro.fr\/en\/","name":"Rev&#039;Agro","description":"Innovation, Agritech et Num\u00e9rique agricole","publisher":{"@id":"https:\/\/www.revagro.fr\/en\/#organization"},"potentialAction":[{"@type":"SearchAction","target":{"@type":"EntryPoint","urlTemplate":"https:\/\/www.revagro.fr\/en\/?s={search_term_string}"},"query-input":{"@type":"PropertyValueSpecification","valueRequired":true,"valueName":"search_term_string"}}],"inLanguage":"en-US"},{"@type":"Organization","@id":"https:\/\/www.revagro.fr\/en\/#organization","name":"Rev&#039;Agro","url":"https:\/\/www.revagro.fr\/en\/","logo":{"@type":"ImageObject","inLanguage":"en-US","@id":"https:\/\/www.revagro.fr\/en\/#\/schema\/logo\/image\/","url":"https:\/\/www.revagro.fr\/wp-content\/uploads\/2023\/07\/cropped-cropped-logo-v2.png","contentUrl":"https:\/\/www.revagro.fr\/wp-content\/uploads\/2023\/07\/cropped-cropped-logo-v2.png","width":198,"height":97,"caption":"Rev&#039;Agro"},"image":{"@id":"https:\/\/www.revagro.fr\/en\/#\/schema\/logo\/image\/"}},{"@type":"Person","@id":"https:\/\/www.revagro.fr\/en\/#\/schema\/person\/6d3e953ae3b857e7ec2853b40a6de869","name":"Juliette L\u00e9aut\u00e9","url":"https:\/\/www.revagro.fr\/en\/"}]}},"_links":{"self":[{"href":"https:\/\/www.revagro.fr\/en\/wp-json\/wp\/v2\/posts\/6671","targetHints":{"allow":["GET"]}}],"collection":[{"href":"https:\/\/www.revagro.fr\/en\/wp-json\/wp\/v2\/posts"}],"about":[{"href":"https:\/\/www.revagro.fr\/en\/wp-json\/wp\/v2\/types\/post"}],"author":[{"embeddable":true,"href":"https:\/\/www.revagro.fr\/en\/wp-json\/wp\/v2\/users\/4"}],"replies":[{"embeddable":true,"href":"https:\/\/www.revagro.fr\/en\/wp-json\/wp\/v2\/comments?post=6671"}],"version-history":[{"count":3,"href":"https:\/\/www.revagro.fr\/en\/wp-json\/wp\/v2\/posts\/6671\/revisions"}],"predecessor-version":[{"id":6674,"href":"https:\/\/www.revagro.fr\/en\/wp-json\/wp\/v2\/posts\/6671\/revisions\/6674"}],"wp:attachment":[{"href":"https:\/\/www.revagro.fr\/en\/wp-json\/wp\/v2\/media?parent=6671"}],"wp:term":[{"taxonomy":"category","embeddable":true,"href":"https:\/\/www.revagro.fr\/en\/wp-json\/wp\/v2\/categories?post=6671"},{"taxonomy":"post_tag","embeddable":true,"href":"https:\/\/www.revagro.fr\/en\/wp-json\/wp\/v2\/tags?post=6671"}],"curies":[{"name":"wp","href":"https:\/\/api.w.org\/{rel}","templated":true}]}}