{"id":5518,"date":"2022-02-17T13:13:56","date_gmt":"2022-02-17T12:13:56","guid":{"rendered":"https:\/\/www.revagro.fr\/conseil-administration-rev-agro\/"},"modified":"2023-09-20T10:50:16","modified_gmt":"2023-09-20T08:50:16","slug":"board-of-directors-rev-agro","status":"publish","type":"post","link":"https:\/\/www.revagro.fr\/en\/board-of-directors-rev-agro\/","title":{"rendered":"New Board of Directors"},"content":{"rendered":"\t\t<div data-elementor-type=\"wp-post\" data-elementor-id=\"5518\" class=\"elementor elementor-5518 elementor-3665\" data-elementor-settings=\"{&quot;element_pack_global_tooltip_width&quot;:{&quot;unit&quot;:&quot;px&quot;,&quot;size&quot;:&quot;&quot;,&quot;sizes&quot;:[]},&quot;element_pack_global_tooltip_width_tablet&quot;:{&quot;unit&quot;:&quot;px&quot;,&quot;size&quot;:&quot;&quot;,&quot;sizes&quot;:[]},&quot;element_pack_global_tooltip_width_mobile&quot;:{&quot;unit&quot;:&quot;px&quot;,&quot;size&quot;:&quot;&quot;,&quot;sizes&quot;:[]},&quot;element_pack_global_tooltip_padding&quot;:{&quot;unit&quot;:&quot;px&quot;,&quot;top&quot;:&quot;&quot;,&quot;right&quot;:&quot;&quot;,&quot;bottom&quot;:&quot;&quot;,&quot;left&quot;:&quot;&quot;,&quot;isLinked&quot;:true},&quot;element_pack_global_tooltip_padding_tablet&quot;:{&quot;unit&quot;:&quot;px&quot;,&quot;top&quot;:&quot;&quot;,&quot;right&quot;:&quot;&quot;,&quot;bottom&quot;:&quot;&quot;,&quot;left&quot;:&quot;&quot;,&quot;isLinked&quot;:true},&quot;element_pack_global_tooltip_padding_mobile&quot;:{&quot;unit&quot;:&quot;px&quot;,&quot;top&quot;:&quot;&quot;,&quot;right&quot;:&quot;&quot;,&quot;bottom&quot;:&quot;&quot;,&quot;left&quot;:&quot;&quot;,&quot;isLinked&quot;:true},&quot;element_pack_global_tooltip_border_radius&quot;:{&quot;unit&quot;:&quot;px&quot;,&quot;top&quot;:&quot;&quot;,&quot;right&quot;:&quot;&quot;,&quot;bottom&quot;:&quot;&quot;,&quot;left&quot;:&quot;&quot;,&quot;isLinked&quot;:true},&quot;element_pack_global_tooltip_border_radius_tablet&quot;:{&quot;unit&quot;:&quot;px&quot;,&quot;top&quot;:&quot;&quot;,&quot;right&quot;:&quot;&quot;,&quot;bottom&quot;:&quot;&quot;,&quot;left&quot;:&quot;&quot;,&quot;isLinked&quot;:true},&quot;element_pack_global_tooltip_border_radius_mobile&quot;:{&quot;unit&quot;:&quot;px&quot;,&quot;top&quot;:&quot;&quot;,&quot;right&quot;:&quot;&quot;,&quot;bottom&quot;:&quot;&quot;,&quot;left&quot;:&quot;&quot;,&quot;isLinked&quot;:true}}\" data-elementor-post-type=\"post\">\n\t\t\t\t\t\t<section class=\"elementor-section elementor-top-section elementor-element elementor-element-56e7bd1e elementor-section-boxed elementor-section-height-default elementor-section-height-default\" data-id=\"56e7bd1e\" data-element_type=\"section\" data-e-type=\"section\">\n\t\t\t\t\t\t<div class=\"elementor-container elementor-column-gap-default\">\n\t\t\t\t\t<div class=\"aux-parallax-section elementor-column elementor-col-100 elementor-top-column elementor-element elementor-element-722e45aa\" data-id=\"722e45aa\" data-element_type=\"column\" data-e-type=\"column\">\n\t\t\t<div class=\"elementor-widget-wrap elementor-element-populated\">\n\t\t\t\t\t\t<div class=\"elementor-element elementor-element-7f61d4a5 elementor-widget elementor-widget-text-editor\" data-id=\"7f61d4a5\" data-element_type=\"widget\" data-e-type=\"widget\" data-widget_type=\"text-editor.default\">\n\t\t\t\t<div class=\"elementor-widget-container\">\n\t\t\t\t\t\t\t\t\t<p><span class=\"break-words\"><span dir=\"ltr\">Enthusiasm, a strategic vision, shared ambitions, meaningful complex projects, and new economic dynamics.<\/span><\/span><\/p>\n<p>On the occasion of the Board of Directors of Rev&#8217;Agro held on February 15, the founding members <a class=\"ql-mention\" spellcheck=\"false\" href=\"https:\/\/www.linkedin.com\/company\/72674300\/admin\/#\" data-entity-urn=\"urn:li:fs_miniCompany:9021\" data-guid=\"0\" data-object-urn=\"urn:li:company:9021\" data-original-text=\"AGCO Corporation\">AGCO Corporation<\/a>, <a class=\"ql-mention\" spellcheck=\"false\" href=\"https:\/\/www.linkedin.com\/company\/72674300\/admin\/#\" data-entity-urn=\"urn:li:fs_miniCompany:11513053\" data-guid=\"1\" data-object-urn=\"urn:li:company:11513053\" data-original-text=\"GIMA - Transmission Technology\">GIMA &#8211; Transmission Technology<\/a>, <a class=\"ql-mention\" spellcheck=\"false\" href=\"https:\/\/www.linkedin.com\/company\/72674300\/admin\/#\" data-entity-urn=\"urn:li:fs_miniCompany:133107\" data-guid=\"2\" data-object-urn=\"urn:li:company:133107\" data-original-text=\"ISAGRI\">ISAGRI<\/a>, <a class=\"ql-mention\" spellcheck=\"false\" href=\"https:\/\/www.linkedin.com\/company\/72674300\/admin\/#\" data-entity-urn=\"urn:li:fs_miniCompany:1667370\" data-guid=\"3\" data-object-urn=\"urn:li:company:1667370\" data-original-text=\"Beauvais et son agglo\">Beauvais and its agglomeration<\/a>, <a class=\"ql-mention\" spellcheck=\"false\" href=\"https:\/\/www.linkedin.com\/company\/72674300\/admin\/#\" data-entity-urn=\"urn:li:fs_miniCompany:66979\" data-guid=\"4\" data-object-urn=\"urn:li:company:66979\" data-original-text=\"Cetim - Centre technique des industries m\u00e9caniques\">Cetim &#8211; Technical Center for Mechanical Industries<\/a>, and <a class=\"ql-mention\" spellcheck=\"false\" href=\"https:\/\/www.linkedin.com\/company\/72674300\/admin\/#\" data-entity-urn=\"urn:li:fs_miniCompany:540702\" data-guid=\"5\" data-object-urn=\"urn:li:company:540702\" data-original-text=\"UniLaSalle\">UniLaSalle<\/a> came together to finalize the collaborative innovation strategy.<\/p>\n<p>This will make Beauvaisis a demonstrator territory for transitions towards agricultural resilience for sustainable and high-performance agriculture.<\/p>\n<p><img decoding=\"async\" class=\"emoji\" role=\"img\" draggable=\"false\" src=\"https:\/\/s.w.org\/images\/core\/emoji\/13.0.1\/svg\/2705.svg\" alt=\"\u2705\"> Promotion of high-demand professions and future skills for our region&#8217;s benefit <img decoding=\"async\" class=\"emoji\" role=\"img\" draggable=\"false\" src=\"https:\/\/s.w.org\/images\/core\/emoji\/13.0.1\/svg\/1f4e3.svg\" alt=\"\ud83d\udce3\"><\/p>\n<p><img decoding=\"async\" class=\"emoji\" role=\"img\" draggable=\"false\" src=\"https:\/\/s.w.org\/images\/core\/emoji\/13.0.1\/svg\/2705.svg\" alt=\"\u2705\"> Consolidation of our centers of expertise <img decoding=\"async\" class=\"emoji\" role=\"img\" draggable=\"false\" src=\"https:\/\/s.w.org\/images\/core\/emoji\/13.0.1\/svg\/1f468-200d-1f393.svg\" alt=\"\ud83d\udc68\u200d\ud83c\udf93\"> <img decoding=\"async\" class=\"emoji\" role=\"img\" draggable=\"false\" src=\"https:\/\/s.w.org\/images\/core\/emoji\/13.0.1\/svg\/1f469-200d-1f3ed.svg\" alt=\"\ud83d\udc69\u200d\ud83c\udfed\"><\/p>\n<p><img decoding=\"async\" class=\"emoji\" role=\"img\" draggable=\"false\" src=\"https:\/\/s.w.org\/images\/core\/emoji\/13.0.1\/svg\/2705.svg\" alt=\"\u2705\"> Consolidation of our value chains <img decoding=\"async\" class=\"emoji\" role=\"img\" draggable=\"false\" src=\"https:\/\/s.w.org\/images\/core\/emoji\/13.0.1\/svg\/1f69c.svg\" alt=\"\ud83d\ude9c\"> <img decoding=\"async\" class=\"emoji\" role=\"img\" draggable=\"false\" src=\"https:\/\/s.w.org\/images\/core\/emoji\/13.0.1\/svg\/1f4bb.svg\" alt=\"\ud83d\udcbb\"><\/p>\n<p><img decoding=\"async\" class=\"emoji\" role=\"img\" draggable=\"false\" src=\"https:\/\/s.w.org\/images\/core\/emoji\/13.0.1\/svg\/2705.svg\" alt=\"\u2705\"> Creation of bio-based <img decoding=\"async\" class=\"emoji\" role=\"img\" draggable=\"false\" src=\"https:\/\/s.w.org\/images\/core\/emoji\/13.0.1\/svg\/1f33f.svg\" alt=\"\ud83c\udf3f\">and new energy sectors <img decoding=\"async\" class=\"emoji\" role=\"img\" draggable=\"false\" src=\"https:\/\/s.w.org\/images\/core\/emoji\/13.0.1\/svg\/26a1.svg\" alt=\"\u26a1\">from our local resources<\/p>\n<p><\/p>\n<p><\/p>\t\t\t\t\t\t\t\t<\/div>\n\t\t\t\t<\/div>\n\t\t\t\t\t<\/div>\n\t\t<\/div>\n\t\t\t\t\t<\/div>\n\t\t<\/section>\n\t\t\t\t<\/div>\n\t\t","protected":false},"excerpt":{"rendered":"<p>Enthusiasm, a strategic vision, shared ambitions, meaningful complex projects, and new economic dynamics. On the occasion of the Board of Directors of Rev&#8217;Agro held on February 15, the founding members AGCO Corporation, GIMA &#8211; Transmission Technology, ISAGRI, Beauvais and its agglomeration, Cetim &#8211; Technical Center for Mechanical Industries, and UniLaSalle came together to finalize the [&hellip;]<\/p>\n","protected":false},"author":4,"featured_media":4854,"comment_status":"closed","ping_status":"closed","sticky":false,"template":"","format":"standard","meta":{"rs_blank_template":"","rs_page_bg_color":"","slide_template_v7":"","footnotes":""},"categories":[14],"tags":[32],"class_list":["post-5518","post","type-post","status-publish","format-standard","has-post-thumbnail","hentry","category-non-classifiee","tag-blog-en"],"yoast_head":"<!-- This site is optimized with the Yoast SEO plugin v27.5 - https:\/\/yoast.com\/product\/yoast-seo-wordpress\/ -->\n<title>New Board of Directors - Rev&#039;Agro<\/title>\n<meta name=\"description\" content=\"To enthusiasm, a strategic vision, shared ambitions, meaningful complex projects, and new economic dynamics.\" \/>\n<meta name=\"robots\" content=\"index, follow, max-snippet:-1, max-image-preview:large, max-video-preview:-1\" \/>\n<link rel=\"canonical\" href=\"https:\/\/www.revagro.fr\/en\/board-of-directors-rev-agro\/\" \/>\n<meta property=\"og:locale\" content=\"en_US\" \/>\n<meta property=\"og:type\" content=\"article\" \/>\n<meta property=\"og:title\" content=\"New Board of Directors - Rev&#039;Agro\" \/>\n<meta property=\"og:description\" content=\"To enthusiasm, a strategic vision, shared ambitions, meaningful complex projects, and new economic dynamics.\" \/>\n<meta property=\"og:url\" content=\"https:\/\/www.revagro.fr\/en\/board-of-directors-rev-agro\/\" \/>\n<meta property=\"og:site_name\" content=\"Rev&#039;Agro\" \/>\n<meta property=\"article:published_time\" content=\"2022-02-17T12:13:56+00:00\" \/>\n<meta property=\"article:modified_time\" content=\"2023-09-20T08:50:16+00:00\" \/>\n<meta property=\"og:image\" content=\"https:\/\/www.revagro.fr\/wp-content\/uploads\/2022\/02\/statrlab-revagro-1-1024x1024.png\" \/>\n\t<meta property=\"og:image:width\" content=\"1024\" \/>\n\t<meta property=\"og:image:height\" content=\"1024\" \/>\n\t<meta property=\"og:image:type\" content=\"image\/png\" \/>\n<meta name=\"author\" content=\"Juliette L\u00e9aut\u00e9\" \/>\n<meta name=\"twitter:card\" content=\"summary_large_image\" \/>\n<meta name=\"twitter:label1\" content=\"Written by\" \/>\n\t<meta name=\"twitter:data1\" content=\"Juliette L\u00e9aut\u00e9\" \/>\n\t<meta name=\"twitter:label2\" content=\"Est. reading time\" \/>\n\t<meta name=\"twitter:data2\" content=\"3 minutes\" \/>\n<script type=\"application\/ld+json\" class=\"yoast-schema-graph\">{\"@context\":\"https:\\\/\\\/schema.org\",\"@graph\":[{\"@type\":\"Article\",\"@id\":\"https:\\\/\\\/www.revagro.fr\\\/en\\\/board-of-directors-rev-agro\\\/#article\",\"isPartOf\":{\"@id\":\"https:\\\/\\\/www.revagro.fr\\\/en\\\/board-of-directors-rev-agro\\\/\"},\"author\":{\"name\":\"Juliette L\u00e9aut\u00e9\",\"@id\":\"https:\\\/\\\/www.revagro.fr\\\/en\\\/#\\\/schema\\\/person\\\/6d3e953ae3b857e7ec2853b40a6de869\"},\"headline\":\"New Board of Directors\",\"datePublished\":\"2022-02-17T12:13:56+00:00\",\"dateModified\":\"2023-09-20T08:50:16+00:00\",\"mainEntityOfPage\":{\"@id\":\"https:\\\/\\\/www.revagro.fr\\\/en\\\/board-of-directors-rev-agro\\\/\"},\"wordCount\":113,\"publisher\":{\"@id\":\"https:\\\/\\\/www.revagro.fr\\\/en\\\/#organization\"},\"image\":{\"@id\":\"https:\\\/\\\/www.revagro.fr\\\/en\\\/board-of-directors-rev-agro\\\/#primaryimage\"},\"thumbnailUrl\":\"https:\\\/\\\/www.revagro.fr\\\/wp-content\\\/uploads\\\/2022\\\/02\\\/statrlab-revagro-1.png\",\"keywords\":[\"Blog\"],\"articleSection\":[\"Non classifi\u00e9(e)\"],\"inLanguage\":\"en-US\"},{\"@type\":\"WebPage\",\"@id\":\"https:\\\/\\\/www.revagro.fr\\\/en\\\/board-of-directors-rev-agro\\\/\",\"url\":\"https:\\\/\\\/www.revagro.fr\\\/en\\\/board-of-directors-rev-agro\\\/\",\"name\":\"New Board of Directors - Rev&#039;Agro\",\"isPartOf\":{\"@id\":\"https:\\\/\\\/www.revagro.fr\\\/en\\\/#website\"},\"primaryImageOfPage\":{\"@id\":\"https:\\\/\\\/www.revagro.fr\\\/en\\\/board-of-directors-rev-agro\\\/#primaryimage\"},\"image\":{\"@id\":\"https:\\\/\\\/www.revagro.fr\\\/en\\\/board-of-directors-rev-agro\\\/#primaryimage\"},\"thumbnailUrl\":\"https:\\\/\\\/www.revagro.fr\\\/wp-content\\\/uploads\\\/2022\\\/02\\\/statrlab-revagro-1.png\",\"datePublished\":\"2022-02-17T12:13:56+00:00\",\"dateModified\":\"2023-09-20T08:50:16+00:00\",\"description\":\"To enthusiasm, a strategic vision, shared ambitions, meaningful complex projects, and new economic dynamics.\",\"breadcrumb\":{\"@id\":\"https:\\\/\\\/www.revagro.fr\\\/en\\\/board-of-directors-rev-agro\\\/#breadcrumb\"},\"inLanguage\":\"en-US\",\"potentialAction\":[{\"@type\":\"ReadAction\",\"target\":[\"https:\\\/\\\/www.revagro.fr\\\/en\\\/board-of-directors-rev-agro\\\/\"]}]},{\"@type\":\"ImageObject\",\"inLanguage\":\"en-US\",\"@id\":\"https:\\\/\\\/www.revagro.fr\\\/en\\\/board-of-directors-rev-agro\\\/#primaryimage\",\"url\":\"https:\\\/\\\/www.revagro.fr\\\/wp-content\\\/uploads\\\/2022\\\/02\\\/statrlab-revagro-1.png\",\"contentUrl\":\"https:\\\/\\\/www.revagro.fr\\\/wp-content\\\/uploads\\\/2022\\\/02\\\/statrlab-revagro-1.png\",\"width\":1200,\"height\":1200},{\"@type\":\"BreadcrumbList\",\"@id\":\"https:\\\/\\\/www.revagro.fr\\\/en\\\/board-of-directors-rev-agro\\\/#breadcrumb\",\"itemListElement\":[{\"@type\":\"ListItem\",\"position\":1,\"name\":\"Accueil\",\"item\":\"https:\\\/\\\/www.revagro.fr\\\/en\\\/\"},{\"@type\":\"ListItem\",\"position\":2,\"name\":\"New Board of Directors\"}]},{\"@type\":\"WebSite\",\"@id\":\"https:\\\/\\\/www.revagro.fr\\\/en\\\/#website\",\"url\":\"https:\\\/\\\/www.revagro.fr\\\/en\\\/\",\"name\":\"Rev&#039;Agro\",\"description\":\"Innovation, Agritech et Num\u00e9rique agricole\",\"publisher\":{\"@id\":\"https:\\\/\\\/www.revagro.fr\\\/en\\\/#organization\"},\"potentialAction\":[{\"@type\":\"SearchAction\",\"target\":{\"@type\":\"EntryPoint\",\"urlTemplate\":\"https:\\\/\\\/www.revagro.fr\\\/en\\\/?s={search_term_string}\"},\"query-input\":{\"@type\":\"PropertyValueSpecification\",\"valueRequired\":true,\"valueName\":\"search_term_string\"}}],\"inLanguage\":\"en-US\"},{\"@type\":\"Organization\",\"@id\":\"https:\\\/\\\/www.revagro.fr\\\/en\\\/#organization\",\"name\":\"Rev&#039;Agro\",\"url\":\"https:\\\/\\\/www.revagro.fr\\\/en\\\/\",\"logo\":{\"@type\":\"ImageObject\",\"inLanguage\":\"en-US\",\"@id\":\"https:\\\/\\\/www.revagro.fr\\\/en\\\/#\\\/schema\\\/logo\\\/image\\\/\",\"url\":\"https:\\\/\\\/www.revagro.fr\\\/wp-content\\\/uploads\\\/2023\\\/07\\\/cropped-cropped-logo-v2.png\",\"contentUrl\":\"https:\\\/\\\/www.revagro.fr\\\/wp-content\\\/uploads\\\/2023\\\/07\\\/cropped-cropped-logo-v2.png\",\"width\":198,\"height\":97,\"caption\":\"Rev&#039;Agro\"},\"image\":{\"@id\":\"https:\\\/\\\/www.revagro.fr\\\/en\\\/#\\\/schema\\\/logo\\\/image\\\/\"}},{\"@type\":\"Person\",\"@id\":\"https:\\\/\\\/www.revagro.fr\\\/en\\\/#\\\/schema\\\/person\\\/6d3e953ae3b857e7ec2853b40a6de869\",\"name\":\"Juliette L\u00e9aut\u00e9\",\"url\":\"https:\\\/\\\/www.revagro.fr\\\/en\\\/\"}]}<\/script>\n<!-- \/ Yoast SEO plugin. -->","yoast_head_json":{"title":"New Board of Directors - Rev&#039;Agro","description":"To enthusiasm, a strategic vision, shared ambitions, meaningful complex projects, and new economic dynamics.","robots":{"index":"index","follow":"follow","max-snippet":"max-snippet:-1","max-image-preview":"max-image-preview:large","max-video-preview":"max-video-preview:-1"},"canonical":"https:\/\/www.revagro.fr\/en\/board-of-directors-rev-agro\/","og_locale":"en_US","og_type":"article","og_title":"New Board of Directors - Rev&#039;Agro","og_description":"To enthusiasm, a strategic vision, shared ambitions, meaningful complex projects, and new economic dynamics.","og_url":"https:\/\/www.revagro.fr\/en\/board-of-directors-rev-agro\/","og_site_name":"Rev&#039;Agro","article_published_time":"2022-02-17T12:13:56+00:00","article_modified_time":"2023-09-20T08:50:16+00:00","og_image":[{"width":1024,"height":1024,"url":"https:\/\/www.revagro.fr\/wp-content\/uploads\/2022\/02\/statrlab-revagro-1-1024x1024.png","type":"image\/png"}],"author":"Juliette L\u00e9aut\u00e9","twitter_card":"summary_large_image","twitter_misc":{"Written by":"Juliette L\u00e9aut\u00e9","Est. reading time":"3 minutes"},"schema":{"@context":"https:\/\/schema.org","@graph":[{"@type":"Article","@id":"https:\/\/www.revagro.fr\/en\/board-of-directors-rev-agro\/#article","isPartOf":{"@id":"https:\/\/www.revagro.fr\/en\/board-of-directors-rev-agro\/"},"author":{"name":"Juliette L\u00e9aut\u00e9","@id":"https:\/\/www.revagro.fr\/en\/#\/schema\/person\/6d3e953ae3b857e7ec2853b40a6de869"},"headline":"New Board of Directors","datePublished":"2022-02-17T12:13:56+00:00","dateModified":"2023-09-20T08:50:16+00:00","mainEntityOfPage":{"@id":"https:\/\/www.revagro.fr\/en\/board-of-directors-rev-agro\/"},"wordCount":113,"publisher":{"@id":"https:\/\/www.revagro.fr\/en\/#organization"},"image":{"@id":"https:\/\/www.revagro.fr\/en\/board-of-directors-rev-agro\/#primaryimage"},"thumbnailUrl":"https:\/\/www.revagro.fr\/wp-content\/uploads\/2022\/02\/statrlab-revagro-1.png","keywords":["Blog"],"articleSection":["Non classifi\u00e9(e)"],"inLanguage":"en-US"},{"@type":"WebPage","@id":"https:\/\/www.revagro.fr\/en\/board-of-directors-rev-agro\/","url":"https:\/\/www.revagro.fr\/en\/board-of-directors-rev-agro\/","name":"New Board of Directors - Rev&#039;Agro","isPartOf":{"@id":"https:\/\/www.revagro.fr\/en\/#website"},"primaryImageOfPage":{"@id":"https:\/\/www.revagro.fr\/en\/board-of-directors-rev-agro\/#primaryimage"},"image":{"@id":"https:\/\/www.revagro.fr\/en\/board-of-directors-rev-agro\/#primaryimage"},"thumbnailUrl":"https:\/\/www.revagro.fr\/wp-content\/uploads\/2022\/02\/statrlab-revagro-1.png","datePublished":"2022-02-17T12:13:56+00:00","dateModified":"2023-09-20T08:50:16+00:00","description":"To enthusiasm, a strategic vision, shared ambitions, meaningful complex projects, and new economic dynamics.","breadcrumb":{"@id":"https:\/\/www.revagro.fr\/en\/board-of-directors-rev-agro\/#breadcrumb"},"inLanguage":"en-US","potentialAction":[{"@type":"ReadAction","target":["https:\/\/www.revagro.fr\/en\/board-of-directors-rev-agro\/"]}]},{"@type":"ImageObject","inLanguage":"en-US","@id":"https:\/\/www.revagro.fr\/en\/board-of-directors-rev-agro\/#primaryimage","url":"https:\/\/www.revagro.fr\/wp-content\/uploads\/2022\/02\/statrlab-revagro-1.png","contentUrl":"https:\/\/www.revagro.fr\/wp-content\/uploads\/2022\/02\/statrlab-revagro-1.png","width":1200,"height":1200},{"@type":"BreadcrumbList","@id":"https:\/\/www.revagro.fr\/en\/board-of-directors-rev-agro\/#breadcrumb","itemListElement":[{"@type":"ListItem","position":1,"name":"Accueil","item":"https:\/\/www.revagro.fr\/en\/"},{"@type":"ListItem","position":2,"name":"New Board of Directors"}]},{"@type":"WebSite","@id":"https:\/\/www.revagro.fr\/en\/#website","url":"https:\/\/www.revagro.fr\/en\/","name":"Rev&#039;Agro","description":"Innovation, Agritech et Num\u00e9rique agricole","publisher":{"@id":"https:\/\/www.revagro.fr\/en\/#organization"},"potentialAction":[{"@type":"SearchAction","target":{"@type":"EntryPoint","urlTemplate":"https:\/\/www.revagro.fr\/en\/?s={search_term_string}"},"query-input":{"@type":"PropertyValueSpecification","valueRequired":true,"valueName":"search_term_string"}}],"inLanguage":"en-US"},{"@type":"Organization","@id":"https:\/\/www.revagro.fr\/en\/#organization","name":"Rev&#039;Agro","url":"https:\/\/www.revagro.fr\/en\/","logo":{"@type":"ImageObject","inLanguage":"en-US","@id":"https:\/\/www.revagro.fr\/en\/#\/schema\/logo\/image\/","url":"https:\/\/www.revagro.fr\/wp-content\/uploads\/2023\/07\/cropped-cropped-logo-v2.png","contentUrl":"https:\/\/www.revagro.fr\/wp-content\/uploads\/2023\/07\/cropped-cropped-logo-v2.png","width":198,"height":97,"caption":"Rev&#039;Agro"},"image":{"@id":"https:\/\/www.revagro.fr\/en\/#\/schema\/logo\/image\/"}},{"@type":"Person","@id":"https:\/\/www.revagro.fr\/en\/#\/schema\/person\/6d3e953ae3b857e7ec2853b40a6de869","name":"Juliette L\u00e9aut\u00e9","url":"https:\/\/www.revagro.fr\/en\/"}]}},"_links":{"self":[{"href":"https:\/\/www.revagro.fr\/en\/wp-json\/wp\/v2\/posts\/5518","targetHints":{"allow":["GET"]}}],"collection":[{"href":"https:\/\/www.revagro.fr\/en\/wp-json\/wp\/v2\/posts"}],"about":[{"href":"https:\/\/www.revagro.fr\/en\/wp-json\/wp\/v2\/types\/post"}],"author":[{"embeddable":true,"href":"https:\/\/www.revagro.fr\/en\/wp-json\/wp\/v2\/users\/4"}],"replies":[{"embeddable":true,"href":"https:\/\/www.revagro.fr\/en\/wp-json\/wp\/v2\/comments?post=5518"}],"version-history":[{"count":5,"href":"https:\/\/www.revagro.fr\/en\/wp-json\/wp\/v2\/posts\/5518\/revisions"}],"predecessor-version":[{"id":5523,"href":"https:\/\/www.revagro.fr\/en\/wp-json\/wp\/v2\/posts\/5518\/revisions\/5523"}],"wp:featuredmedia":[{"embeddable":true,"href":"https:\/\/www.revagro.fr\/en\/wp-json\/wp\/v2\/media\/4854"}],"wp:attachment":[{"href":"https:\/\/www.revagro.fr\/en\/wp-json\/wp\/v2\/media?parent=5518"}],"wp:term":[{"taxonomy":"category","embeddable":true,"href":"https:\/\/www.revagro.fr\/en\/wp-json\/wp\/v2\/categories?post=5518"},{"taxonomy":"post_tag","embeddable":true,"href":"https:\/\/www.revagro.fr\/en\/wp-json\/wp\/v2\/tags?post=5518"}],"curies":[{"name":"wp","href":"https:\/\/api.w.org\/{rel}","templated":true}]}}